{"id":866,"date":"2025-10-14T10:02:27","date_gmt":"2025-10-14T10:02:27","guid":{"rendered":"https:\/\/www.naturatellae.com\/?p=866"},"modified":"2025-10-14T10:02:27","modified_gmt":"2025-10-14T10:02:27","slug":"stage-nature-bien-etre-a-domicile","status":"publish","type":"post","link":"https:\/\/www.naturatellae.com\/?p=866","title":{"rendered":"Nature &amp; Bien-\u00eatre Morvan ou \u00e0 domicile"},"content":{"rendered":"\n<p class=\"has-black-color has-text-color has-link-color has-large-font-size wp-elements-9824093c23c62c743dd4f5db4a07e48c\"><strong>BALADE RIEN QUE POUR VOUS &#8211; env. 2h ou + selon vos envies <\/strong><\/p>\n\n\n\n<p class=\"has-text-color has-link-color wp-elements-45ad402925bb962dff3b65a7c96810bb\" style=\"color:#68a846\">Une balade nature dans le nord du Morvan sur un th\u00e8me choisi par vous&#8230;<\/p>\n\n\n\n<p>Vous manquez d&rsquo;id\u00e9es&#8230; cliquez<a href=\"https:\/\/www.naturatellae.com\/?p=1571\" target=\"_blank\" rel=\"noreferrer noopener\"> ici<\/a><\/p>\n\n\n\n<p class=\"has-text-color has-link-color wp-elements-bf472723d2f17c16de936cae8ce18718\" style=\"color:#68a846\"><em>Tarif de Base 12\u20ac par enfant pour 2h &#8211; 48\u20ac pour un adulte seul <\/em><\/p>\n\n\n\n<p class=\"has-text-color has-link-color wp-elements-383f93d85c941b8b8d56bb10b9dda442\" style=\"color:#68a846\">Forfait 72\u20ac de 2 \u00e0 6 personnes <em>&#8211; \u00e9volutif de 6\u20ac \u00e0 12\u20ac selon le nombre de participants et la dur\u00e9e<\/em><\/p>\n\n\n\n<figure class=\"wp-block-image size-large\"><img loading=\"lazy\" decoding=\"async\" width=\"724\" height=\"1024\" src=\"https:\/\/www.naturatellae.com\/wp-content\/uploads\/2024\/08\/FLYER-Balades-2025-Natura-Tellae-recto-724x1024.jpg\" alt=\"\" class=\"wp-image-1501\" srcset=\"https:\/\/www.naturatellae.com\/wp-content\/uploads\/2024\/08\/FLYER-Balades-2025-Natura-Tellae-recto-724x1024.jpg 724w, https:\/\/www.naturatellae.com\/wp-content\/uploads\/2024\/08\/FLYER-Balades-2025-Natura-Tellae-recto-212x300.jpg 212w, https:\/\/www.naturatellae.com\/wp-content\/uploads\/2024\/08\/FLYER-Balades-2025-Natura-Tellae-recto-768x1086.jpg 768w, https:\/\/www.naturatellae.com\/wp-content\/uploads\/2024\/08\/FLYER-Balades-2025-Natura-Tellae-recto-1086x1536.jpg 1086w, https:\/\/www.naturatellae.com\/wp-content\/uploads\/2024\/08\/FLYER-Balades-2025-Natura-Tellae-recto-1024x1448.jpg 1024w, https:\/\/www.naturatellae.com\/wp-content\/uploads\/2024\/08\/FLYER-Balades-2025-Natura-Tellae-recto-764x1080.jpg 764w, https:\/\/www.naturatellae.com\/wp-content\/uploads\/2024\/08\/FLYER-Balades-2025-Natura-Tellae-recto.jpg 1414w\" sizes=\"auto, (max-width: 724px) 100vw, 724px\" \/><\/figure>\n\n\n\n<figure class=\"wp-block-image size-large\"><img loading=\"lazy\" decoding=\"async\" width=\"724\" height=\"1024\" src=\"https:\/\/www.naturatellae.com\/wp-content\/uploads\/2024\/08\/FLYER-Balades-2025-Natura-Tellae-verso-724x1024.jpg\" alt=\"\" class=\"wp-image-1502\" srcset=\"https:\/\/www.naturatellae.com\/wp-content\/uploads\/2024\/08\/FLYER-Balades-2025-Natura-Tellae-verso-724x1024.jpg 724w, https:\/\/www.naturatellae.com\/wp-content\/uploads\/2024\/08\/FLYER-Balades-2025-Natura-Tellae-verso-212x300.jpg 212w, https:\/\/www.naturatellae.com\/wp-content\/uploads\/2024\/08\/FLYER-Balades-2025-Natura-Tellae-verso-768x1086.jpg 768w, https:\/\/www.naturatellae.com\/wp-content\/uploads\/2024\/08\/FLYER-Balades-2025-Natura-Tellae-verso-1086x1536.jpg 1086w, https:\/\/www.naturatellae.com\/wp-content\/uploads\/2024\/08\/FLYER-Balades-2025-Natura-Tellae-verso-1024x1448.jpg 1024w, https:\/\/www.naturatellae.com\/wp-content\/uploads\/2024\/08\/FLYER-Balades-2025-Natura-Tellae-verso-764x1080.jpg 764w, https:\/\/www.naturatellae.com\/wp-content\/uploads\/2024\/08\/FLYER-Balades-2025-Natura-Tellae-verso.jpg 1414w\" sizes=\"auto, (max-width: 724px) 100vw, 724px\" \/><\/figure>\n\n\n\n<p class=\"has-black-color has-text-color has-link-color has-large-font-size wp-elements-dc84074a399eb4a7698079e3850f2f7d\"><strong>MINI-STAGE A DOMICILE ou chez l&rsquo;h\u00e9bergeur<\/strong><\/p>\n\n\n\n<p class=\"has-text-color has-link-color wp-elements-ba8e2be4f341cc674c3ed9db64b3b8dc\" style=\"color:#b04f4f\"><strong>Vous souhaitez organiser un temps de rencontre \u00e0 votre domicile? sur votre lieu de vacances?<\/strong><\/p>\n\n\n\n<p class=\"has-text-color has-link-color wp-elements-f492133c23bd2ff7359c0b6afa99c3fc\" style=\"color:#b04f4f\">JOURNEE (date et lieu) \u00e0 d\u00e9finir ensemble &#8211; horaires indicatifs 10h-17h<\/p>\n\n\n\n<p class=\"has-text-color has-link-color wp-elements-1ca8e07b2b6cf88c7975ca8dcf15718a\" style=\"color:#b04f4f\">SOIREE ( Balade nocturne&#8230;) ou DEMI-JOURNEE ( Go\u00fbter anim\u00e9, Grand jeu Nature, Parenth\u00e8se bien-\u00eatre&#8230;)<\/p>\n\n\n\n<p class=\"has-text-color has-link-color wp-elements-f1dabb7cdae4264f4d53fdafab488374\" style=\"color:#b04f4f\"><a href=\"https:\/\/www.naturatellae.com\/?page_id=1207\" target=\"_blank\" rel=\"noreferrer noopener\">Th\u00e8me au choix <\/a>&#8211; toutes les id\u00e9es sont \u00e0 dessiner ! contactez-moi.<\/p>\n\n\n\n<p class=\"has-text-color has-link-color wp-elements-fc1321ce62ff5b5cf3b40f8d76b13cf7\" style=\"color:#b04f4f\"><strong><em>OFFERT pour l&rsquo;h\u00f4te ou l&rsquo;h\u00f4tesse<\/em><\/strong><\/p>\n\n\n\n<p class=\"has-text-color has-link-color wp-elements-5f0771c229cbde7f82038ba7cf7db802\" style=\"color:#b04f4f\"><em><strong>72\u20ac par personne la journ\u00e9e \u00e0 partir de 4 inscrits + frais de d\u00e9placement<\/strong> (0.60\u20ac\/km)<\/em><\/p>\n\n\n\n<p class=\"has-text-color has-link-color wp-elements-e0b91be13901e998130d7f6dc514c969\" style=\"color:#9f1919\"><\/p>\n","protected":false},"excerpt":{"rendered":"<p>Une balade nature dans le nord du Morvan sur un th\u00e8me au choix<\/p>\n","protected":false},"author":1,"featured_media":0,"comment_status":"closed","ping_status":"open","sticky":true,"template":"","format":"standard","meta":{"footnotes":""},"categories":[74,21],"tags":[52,51,53,49,15,25,50],"class_list":["post-866","post","type-post","status-publish","format-standard","hentry","category-balades","category-programme-animations","tag-attrape-reve","tag-balade","tag-bien-etre-2","tag-geomancie","tag-morvan","tag-nature","tag-stage"],"_links":{"self":[{"href":"https:\/\/www.naturatellae.com\/index.php?rest_route=\/wp\/v2\/posts\/866","targetHints":{"allow":["GET"]}}],"collection":[{"href":"https:\/\/www.naturatellae.com\/index.php?rest_route=\/wp\/v2\/posts"}],"about":[{"href":"https:\/\/www.naturatellae.com\/index.php?rest_route=\/wp\/v2\/types\/post"}],"author":[{"embeddable":true,"href":"https:\/\/www.naturatellae.com\/index.php?rest_route=\/wp\/v2\/users\/1"}],"replies":[{"embeddable":true,"href":"https:\/\/www.naturatellae.com\/index.php?rest_route=%2Fwp%2Fv2%2Fcomments&post=866"}],"version-history":[{"count":21,"href":"https:\/\/www.naturatellae.com\/index.php?rest_route=\/wp\/v2\/posts\/866\/revisions"}],"predecessor-version":[{"id":1826,"href":"https:\/\/www.naturatellae.com\/index.php?rest_route=\/wp\/v2\/posts\/866\/revisions\/1826"}],"wp:attachment":[{"href":"https:\/\/www.naturatellae.com\/index.php?rest_route=%2Fwp%2Fv2%2Fmedia&parent=866"}],"wp:term":[{"taxonomy":"category","embeddable":true,"href":"https:\/\/www.naturatellae.com\/index.php?rest_route=%2Fwp%2Fv2%2Fcategories&post=866"},{"taxonomy":"post_tag","embeddable":true,"href":"https:\/\/www.naturatellae.com\/index.php?rest_route=%2Fwp%2Fv2%2Ftags&post=866"}],"curies":[{"name":"wp","href":"https:\/\/api.w.org\/{rel}","templated":true}]}}