{"id":2324,"date":"2026-09-01T06:10:53","date_gmt":"2026-09-01T06:10:53","guid":{"rendered":"https:\/\/www.naturatellae.com\/?p=2324"},"modified":"2026-09-01T06:10:53","modified_gmt":"2026-09-01T06:10:53","slug":"deroulement-dun-accompagnement","status":"publish","type":"post","link":"https:\/\/www.naturatellae.com\/?p=2324","title":{"rendered":"D\u00e9roulement d&rsquo;un accompagnement"},"content":{"rendered":"\n<h1 class=\"wp-block-heading\">LA NATURE COMME ALLIEE<\/h1>\n\n\n\n<figure class=\"wp-block-image is-resized\"><img loading=\"lazy\" decoding=\"async\" width=\"150\" height=\"150\" src=\"https:\/\/www.naturatellae.com\/wp-content\/uploads\/2026\/09\/Virginie-Leblanc-150x150-1.jpg\" alt=\"\" class=\"wp-image-2325\" style=\"aspect-ratio:1;width:150px;height:auto\"\/><\/figure>\n\n\n\n<p class=\"wp-block-paragraph\">Voici une pr\u00e9sentation de ma pratique sous forme d&rsquo;interview&#8230; <\/p>\n\n\n\n<p class=\"wp-block-paragraph\"><strong>Quel est le nom de ta pratique ?<br><\/strong>Accompagnement Bien-\u00eatre et Transitions<\/p>\n\n\n\n<p class=\"wp-block-paragraph\"><strong>Donne-moi 5 mots clefs qui caract\u00e9risent ta pratique<br><\/strong>Nature, \u00c9coute, Immersion, Alimentation, Activit\u00e9s<\/p>\n\n\n\n<p class=\"wp-block-paragraph\"><strong>Peux-tu m\u2019expliquer, comme si j\u2019\u00e9tais un enfant, de quoi il s\u2019agit ?<br><\/strong>Retrouver l\u2019\u00e9merveillement et revenir \u00e0 soi en identifiant ses envies, ses peurs et tous ces \u00ab coincements \u00bb du quotidien qui emp\u00eachent chacun d\u2019envisager l\u2019espace et le temps autrement\u2026Se questionner, ouvrir le yeux, \u00e9couter son monde int\u00e9rieur et celui qui nous entoure, lever certains voiles et surtout prendre conscience que faire de son mieux est d\u00e9j\u00e0 un pas vers le bien-\u00eatre. Pour accompagner les personnes, je propose des temps en pr\u00e9sentiel, en pleine nature\u2026 \u00c9ducatrice \u00e0 l\u2019environnement de formation et titulaire d\u2019une certification professionnelle de Coach Bien-\u00eatre et Nutrition, je mixe ces deux approches pour inviter \u00e0 une reconnexion au vivant par des petits ateliers pratiques.<\/p>\n\n\n\n<p class=\"wp-block-paragraph\"><strong>A quel public s\u2019adresse cette pratique ?<br><\/strong>Aux adultes principalement. Aux individus qui ne savent pas \u00ab par quel bout \u00bb prendre un probl\u00e8me identifi\u00e9\u2026 A ceux qui ont l\u2019impression de faire des efforts sans avancer vraiment. Aux personnes qui se sentent perdues alors qu\u2019elles se savent bien entour\u00e9es\u2026 \u00e0 celles et ceux qui ont besoin d\u2019un accompagnement en douceur, sur-mesure o\u00f9 temporalit\u00e9 et appropriation s\u2019entrem\u00ealent dans un cadre clairement d\u00e9fini.<\/p>\n\n\n\n<p class=\"wp-block-paragraph\"><strong>Concr\u00e8tement, comment se passe une s\u00e9ance ?<br><\/strong>2 possibilit\u00e9s : Des rencontres au fil du temps \u00e0 votre rythme selon vos besoins ou un accompagnement de quelques s\u00e9ances pour avancer sur un probl\u00e8me identifi\u00e9 <\/p>\n\n\n\n<p class=\"wp-block-paragraph\">Un premier entretien permet de poser le d\u00e9cor et d\u2019identifier ensemble un axe de progression. Un nombre de s\u00e9ances est convenu ensemble, de 3 \u00e0 6, avec un objectif d\u00e9fini et valid\u00e9 conjointement.<br>Puis les rendez-vous nature sont cal\u00e9s toutes les 2 \u00e0 3 semaines environ. Les rencontres ont lieu, en for\u00eat, au bord d\u2019une rivi\u00e8re, d\u2019un lac, dans un jardin, aupr\u00e8s d\u2019un arbre\u2026<br>Des activit\u00e9s sont propos\u00e9es pour illustrer les probl\u00e9matiques rencontr\u00e9es tout en posant un autre regard dessus. La douceur est le ma\u00eetre-mot de ces temps suspendus en pleine nature. Chaque rencontre est report\u00e9e par \u00e9crit avec des mots cl\u00e9s qui sont transmis dans la semaine qui suit \u00e0 la personne accompagn\u00e9e.<br>Selon les affinit\u00e9s de chacun avec l\u2019\u00e9criture, un carnet personnalis\u00e9 peut \u00eatre propos\u00e9. Il est construit entre chaque s\u00e9ance pour que la personne accompagn\u00e9e pose sur le papier des constats et des intentions pour la suite.<\/p>\n\n\n\n<p class=\"wp-block-paragraph\"><strong>Peux-tu nous parler de ton parcours ?<\/strong><br>Form\u00e9e \u00e0 l\u2019\u00e9cologie et \u00e0 la pr\u00e9servation des espaces naturels, je me suis tourn\u00e9e vers l\u2019\u00e9ducation \u00e0 l\u2019environnement avec l\u2019envie de transmettre des savoirs\u2026 \u00ab On ne prot\u00e8ge que ce que l\u2019on conna\u00eet \u00bb \u00e9tait mon moteur pendant 20 ans.<br>En arrivant dans le Morvan, force de constater que l\u2019accumulation de savoirs ne suffit pas\u2026 j\u2019ai choisi de d\u00e9velopper mon activit\u00e9 en recr\u00e9ant des liens, souvent invisibles, entre la nature et l\u2019humain.<br>Les informations anxiog\u00e8nes sur l\u2019environnement g\u00e9n\u00e8rent un mal-\u00eatre ambiant qui ne peut favoriser l\u2019\u00e9panouissement. Ainsi, par mon exp\u00e9rience et convaincue que chaque individu poss\u00e8de les cl\u00e9s de son bien-\u00eatre int\u00e9rieur, je conjugue mes comp\u00e9tences d\u2019accompagnement, d\u2019animation et de formation pour offrir des temps suspendus o\u00f9 la nature (re)devient support de transitions.<\/p>\n\n\n\n<p class=\"wp-block-paragraph\"><strong>Quel a \u00e9t\u00e9 ton d\u00e9clic pour te lancer dans cette pratique ?<br><\/strong>Les \u00e9preuves de la vie travers\u00e9es, mes exp\u00e9riences professionnelles, le ressourcement g\u00e9n\u00e9r\u00e9 par les balades en for\u00eat et l\u2019ouverture aux pratiques alternatives qui m\u2019ont aid\u00e9e \u00e0 changer de regard sur moi et les autres.<\/p>\n\n\n\n<p class=\"wp-block-paragraph\"><strong>Que souhaites-tu ajouter ?<\/strong><br>Mes accompagnements sont construits sur-mesure et se dessinent en fonction de la progression individuelle. Ils sont inscrits dans le temps pour avancer pas apr\u00e8s pas dans une d\u00e9marche d\u2019\u00e9panouissement personnel en lien avec l\u2019environnement qu&rsquo;il soit naturel, familial, professionnel\u2026<\/p>\n\n\n\n<p class=\"wp-block-paragraph\">Virginie LEBLANC<br>23 rue du pont<br>58140 MARIGNY L\u2019EGLISE<br>06 70 12 48 69<br><a href=\"mailto:virginie@naturatellae.com\">virginie@naturatellae.com<\/a><br><a href=\"http:\/\/www.naturatellae.com\/\">www.naturatellae.com<\/a><br>NATURA TELLAE activit\u00e9 h\u00e9berg\u00e9e par la CAE Bourgogne<\/p>\n","protected":false},"excerpt":{"rendered":"<p>LA NATURE COMME ALLIEE Voici une pr\u00e9sentation de ma pratique sous forme d&rsquo;interview&#8230; Quel est le nom de ta pratique ?Accompagnement Bien-\u00eatre et Transitions Donne-moi 5 mots clefs qui caract\u00e9risent ta pratiqueNature, \u00c9coute, Immersion, Alimentation, Activit\u00e9s Peux-tu m\u2019expliquer, comme si j\u2019\u00e9tais un enfant, de quoi il s\u2019agit ?Retrouver l\u2019\u00e9merveillement et revenir \u00e0 soi en identifiant&hellip; <br \/> <a class=\"button small blue\" href=\"https:\/\/www.naturatellae.com\/?p=2324\">Lire la suite<\/a><\/p>\n","protected":false},"author":1,"featured_media":0,"comment_status":"open","ping_status":"open","sticky":false,"template":"","format":"standard","meta":{"footnotes":""},"categories":[1],"tags":[86],"class_list":["post-2324","post","type-post","status-publish","format-standard","hentry","category-uncategorized","tag-coaching-de-vie"],"_links":{"self":[{"href":"https:\/\/www.naturatellae.com\/index.php?rest_route=\/wp\/v2\/posts\/2324","targetHints":{"allow":["GET"]}}],"collection":[{"href":"https:\/\/www.naturatellae.com\/index.php?rest_route=\/wp\/v2\/posts"}],"about":[{"href":"https:\/\/www.naturatellae.com\/index.php?rest_route=\/wp\/v2\/types\/post"}],"author":[{"embeddable":true,"href":"https:\/\/www.naturatellae.com\/index.php?rest_route=\/wp\/v2\/users\/1"}],"replies":[{"embeddable":true,"href":"https:\/\/www.naturatellae.com\/index.php?rest_route=%2Fwp%2Fv2%2Fcomments&post=2324"}],"version-history":[{"count":1,"href":"https:\/\/www.naturatellae.com\/index.php?rest_route=\/wp\/v2\/posts\/2324\/revisions"}],"predecessor-version":[{"id":2326,"href":"https:\/\/www.naturatellae.com\/index.php?rest_route=\/wp\/v2\/posts\/2324\/revisions\/2326"}],"wp:attachment":[{"href":"https:\/\/www.naturatellae.com\/index.php?rest_route=%2Fwp%2Fv2%2Fmedia&parent=2324"}],"wp:term":[{"taxonomy":"category","embeddable":true,"href":"https:\/\/www.naturatellae.com\/index.php?rest_route=%2Fwp%2Fv2%2Fcategories&post=2324"},{"taxonomy":"post_tag","embeddable":true,"href":"https:\/\/www.naturatellae.com\/index.php?rest_route=%2Fwp%2Fv2%2Ftags&post=2324"}],"curies":[{"name":"wp","href":"https:\/\/api.w.org\/{rel}","templated":true}]}}