{"id":2031,"date":"2026-01-22T16:34:17","date_gmt":"2026-01-22T16:34:17","guid":{"rendered":"https:\/\/www.naturatellae.com\/?p=2031"},"modified":"2026-01-22T16:34:17","modified_gmt":"2026-01-22T16:34:17","slug":"sante-environnement","status":"publish","type":"post","link":"https:\/\/www.naturatellae.com\/?p=2031","title":{"rendered":"Sant\u00e9-Environnement"},"content":{"rendered":"\n<p>Il s&rsquo;agit d&rsquo;une entr\u00e9e qui me tient \u00e0 c\u0153ur avec une approche sensible de la nature et la prise en compte des bienfaits de celle-ci sur la sant\u00e9 mentale des individus au sein du collectif&#8230; <\/p>\n\n\n\n<p>En compl\u00e9ment, l&rsquo;impact des activit\u00e9s humaines et les choix de consommation sont aussi des facteurs \u00e0 mettre en compr\u00e9hension du plus grand nombre de personnes&#8230; <\/p>\n\n\n\n<p>Impliqu\u00e9e dans la d\u00e9marche r\u00e9gionale, <a href=\"https:\/\/www.agir-bfc.fr\/\">Agir en Bourgogne-Franche-Comt\u00e9 pour la sant\u00e9 du vivant<\/a>,<\/p>\n\n\n\n<p> je propose des activit\u00e9s, balades, ateliers pour sensibiliser tout public, th\u00e8me \u00e0 d\u00e9finir ensemble. <\/p>\n\n\n\n<p>L&rsquo;objectif : favoriser la (re) prise en main de son bien-\u00eatre par la Nature ; celle-ci \u00e9tant accessible \u00e0 tous, pour tous, tout au long de la vie&#8230; que l&rsquo;on r\u00e9side en milieu urbain ou en milieu rural. <\/p>\n\n\n\n<p><a href=\"https:\/\/calendly.com\/naturatellaecontact\/1er-contact?month=2025-12\">Prenons RDV pour \u00e9changer sur votre projet ! <\/a><\/p>\n\n\n\n<figure class=\"wp-block-image size-large\"><img loading=\"lazy\" decoding=\"async\" width=\"724\" height=\"1024\" src=\"https:\/\/www.naturatellae.com\/wp-content\/uploads\/2025\/11\/Sante-Envt-2026-p11-724x1024.png\" alt=\"\" class=\"wp-image-1977\" srcset=\"https:\/\/www.naturatellae.com\/wp-content\/uploads\/2025\/11\/Sante-Envt-2026-p11-724x1024.png 724w, https:\/\/www.naturatellae.com\/wp-content\/uploads\/2025\/11\/Sante-Envt-2026-p11-212x300.png 212w, https:\/\/www.naturatellae.com\/wp-content\/uploads\/2025\/11\/Sante-Envt-2026-p11-768x1086.png 768w, https:\/\/www.naturatellae.com\/wp-content\/uploads\/2025\/11\/Sante-Envt-2026-p11-1086x1536.png 1086w, https:\/\/www.naturatellae.com\/wp-content\/uploads\/2025\/11\/Sante-Envt-2026-p11-1024x1448.png 1024w, https:\/\/www.naturatellae.com\/wp-content\/uploads\/2025\/11\/Sante-Envt-2026-p11-764x1080.png 764w, https:\/\/www.naturatellae.com\/wp-content\/uploads\/2025\/11\/Sante-Envt-2026-p11.png 1414w\" sizes=\"auto, (max-width: 724px) 100vw, 724px\" \/><\/figure>\n","protected":false},"excerpt":{"rendered":"<p>Il s&rsquo;agit d&rsquo;une entr\u00e9e qui me tient \u00e0 c\u0153ur avec une approche sensible de la nature et la prise en compte des bienfaits de celle-ci sur la sant\u00e9 mentale des individus au sein du collectif&#8230; En compl\u00e9ment, l&rsquo;impact des activit\u00e9s humaines et les choix de consommation sont aussi des facteurs \u00e0 mettre en compr\u00e9hension du&hellip; <br \/> <a class=\"button small blue\" href=\"https:\/\/www.naturatellae.com\/?p=2031\">Lire la suite<\/a><\/p>\n","protected":false},"author":1,"featured_media":0,"comment_status":"closed","ping_status":"open","sticky":false,"template":"","format":"standard","meta":{"footnotes":""},"categories":[21],"tags":[],"class_list":["post-2031","post","type-post","status-publish","format-standard","hentry","category-programme-animations"],"_links":{"self":[{"href":"https:\/\/www.naturatellae.com\/index.php?rest_route=\/wp\/v2\/posts\/2031","targetHints":{"allow":["GET"]}}],"collection":[{"href":"https:\/\/www.naturatellae.com\/index.php?rest_route=\/wp\/v2\/posts"}],"about":[{"href":"https:\/\/www.naturatellae.com\/index.php?rest_route=\/wp\/v2\/types\/post"}],"author":[{"embeddable":true,"href":"https:\/\/www.naturatellae.com\/index.php?rest_route=\/wp\/v2\/users\/1"}],"replies":[{"embeddable":true,"href":"https:\/\/www.naturatellae.com\/index.php?rest_route=%2Fwp%2Fv2%2Fcomments&post=2031"}],"version-history":[{"count":2,"href":"https:\/\/www.naturatellae.com\/index.php?rest_route=\/wp\/v2\/posts\/2031\/revisions"}],"predecessor-version":[{"id":2034,"href":"https:\/\/www.naturatellae.com\/index.php?rest_route=\/wp\/v2\/posts\/2031\/revisions\/2034"}],"wp:attachment":[{"href":"https:\/\/www.naturatellae.com\/index.php?rest_route=%2Fwp%2Fv2%2Fmedia&parent=2031"}],"wp:term":[{"taxonomy":"category","embeddable":true,"href":"https:\/\/www.naturatellae.com\/index.php?rest_route=%2Fwp%2Fv2%2Fcategories&post=2031"},{"taxonomy":"post_tag","embeddable":true,"href":"https:\/\/www.naturatellae.com\/index.php?rest_route=%2Fwp%2Fv2%2Ftags&post=2031"}],"curies":[{"name":"wp","href":"https:\/\/api.w.org\/{rel}","templated":true}]}}