{"id":1410,"date":"2025-10-11T05:16:49","date_gmt":"2025-10-11T05:16:49","guid":{"rendered":"https:\/\/www.naturatellae.com\/?p=1410"},"modified":"2025-10-11T06:17:47","modified_gmt":"2025-10-11T06:17:47","slug":"programmes-danimations","status":"publish","type":"post","link":"https:\/\/www.naturatellae.com\/?p=1410","title":{"rendered":"Programmes de sensibilisation"},"content":{"rendered":"\n<p>L&rsquo;Humain est au coeur de ces propositions&#8230; Comment chacun de nous appr\u00e9hendons notre environnement? Avons-nous les cl\u00e9s de compr\u00e9hension pour d\u00e9nouer les enjeux plan\u00e9taire en agissant \u00e0 notre niveau? <\/p>\n\n\n\n<p>Par ces programmes d&rsquo;animations aux th\u00e9matiques vari\u00e9es, je vous propose une approche sensible du monde qui nous entoure avec des ateliers pratiques pour comprendre mais aussi agir au quotidien. <\/p>\n\n\n\n<ul class=\"wp-block-list\">\n<li class=\"has-vivid-cyan-blue-color has-text-color has-link-color wp-elements-4a71a663a69c1fe2802e1951dc22f244\"><strong>DE L&rsquo;EAU ET DES HOMMES<\/strong>\n<ul class=\"wp-block-list\">\n<li>Pr\u00e9servation de la ressource<\/li>\n\n\n\n<li>Micropolluants<\/li>\n<\/ul>\n<\/li>\n\n\n\n<li class=\"has-luminous-vivid-orange-color has-text-color has-link-color wp-elements-04c6d5a722702b4770019fbb98f4898e\"><strong>HOMME NATURE ET NOURRITURE<\/strong>\n<ul class=\"wp-block-list\">\n<li><a href=\"https:\/\/www.naturatellae.com\/?p=273\" target=\"_blank\" rel=\"noreferrer noopener\">F\u00eates celtes et traditions culinaires populaires<\/a><\/li>\n<\/ul>\n<\/li>\n\n\n\n<li class=\"has-vivid-green-cyan-color has-text-color has-link-color wp-elements-b5c8ecd4c40ce37b959b9d164f936828\"><strong>TRANSITION ECOLOGIQUE- SANTE-ENVIRONNEMENT<\/strong>\n<ul class=\"wp-block-list\">\n<li>Usages des b\u00e2timents \/ du logement \n<ul class=\"wp-block-list\">\n<li>\u00ab\u00a0Mieux vivre chez soi\u00a0\u00bb<\/li>\n\n\n\n<li>\u00ab\u00a0Moi, toi Mon toit !\u00a0\u00bb <\/li>\n<\/ul>\n<\/li>\n\n\n\n<li>Accompagnement au changement \n<ul class=\"wp-block-list\">\n<li>Prendre le temps<\/li>\n\n\n\n<li>Envisager l&rsquo;espace autrement<\/li>\n<\/ul>\n<\/li>\n\n\n\n<li>Mobilit\u00e9 \n<ul class=\"wp-block-list\">\n<li>Se d\u00e9placer , une question de choix ou pas !?! <\/li>\n\n\n\n<li>Bouger au quotidien et se sentir bien <\/li>\n<\/ul>\n<\/li>\n\n\n\n<li>D\u00e9chets\n<ul class=\"wp-block-list\">\n<li>Comprendre pourquoi trier?<\/li>\n\n\n\n<li>R\u00e9duire \u00e0 la source et faire soi-m\u00eame<\/li>\n<\/ul>\n<\/li>\n\n\n\n<li>Alimentation\n<ul class=\"wp-block-list\">\n<li>Disponibilit\u00e9 et saisonnalit\u00e9<\/li>\n\n\n\n<li>Equilibre et plaisir<\/li>\n<\/ul>\n<\/li>\n<\/ul>\n<\/li>\n\n\n\n<li class=\"has-vivid-purple-color has-text-color has-link-color wp-elements-394e22a63991c5992c88e3c3bfd73344\"><strong>DEMARCHE GLOBALE<\/strong>\n<ul class=\"wp-block-list\">\n<li>Qualit\u00e9 de Vie et Conditions de travail\n<ul class=\"wp-block-list\">\n<li><a href=\"https:\/\/www.naturatellae.com\/?p=1045\" target=\"_blank\" rel=\"noreferrer noopener\">Bien-\u00eatre : d\u00e9finition et mise en application<\/a><\/li>\n\n\n\n<li>Environnement professionnel : Dehors, Dedans&#8230; comment agir? <\/li>\n<\/ul>\n<\/li>\n\n\n\n<li>RSE &#8211; Les entreprises en action <\/li>\n\n\n\n<li><a href=\"https:\/\/www.naturatellae.com\/?p=1049\" target=\"_blank\" rel=\"noreferrer noopener\">Vers une autre relation au vivant<\/a><\/li>\n<\/ul>\n<\/li>\n<\/ul>\n\n\n\n<figure class=\"wp-block-image size-large\"><img loading=\"lazy\" decoding=\"async\" width=\"1024\" height=\"768\" src=\"https:\/\/www.naturatellae.com\/wp-content\/uploads\/2024\/11\/form-CAE-26-09-23-bis--1024x768.jpg\" alt=\"\" class=\"wp-image-1212\" srcset=\"https:\/\/www.naturatellae.com\/wp-content\/uploads\/2024\/11\/form-CAE-26-09-23-bis--1024x768.jpg 1024w, https:\/\/www.naturatellae.com\/wp-content\/uploads\/2024\/11\/form-CAE-26-09-23-bis--300x225.jpg 300w, https:\/\/www.naturatellae.com\/wp-content\/uploads\/2024\/11\/form-CAE-26-09-23-bis--768x576.jpg 768w, https:\/\/www.naturatellae.com\/wp-content\/uploads\/2024\/11\/form-CAE-26-09-23-bis--1536x1152.jpg 1536w, https:\/\/www.naturatellae.com\/wp-content\/uploads\/2024\/11\/form-CAE-26-09-23-bis--1440x1080.jpg 1440w, https:\/\/www.naturatellae.com\/wp-content\/uploads\/2024\/11\/form-CAE-26-09-23-bis-.jpg 1600w\" sizes=\"auto, (max-width: 1024px) 100vw, 1024px\" \/><\/figure>\n","protected":false},"excerpt":{"rendered":"<p>L&rsquo;Humain est au coeur de ces propositions&#8230; Comment chacun de nous appr\u00e9hendons notre environnement? Avons-nous les cl\u00e9s de compr\u00e9hension pour d\u00e9nouer les enjeux plan\u00e9taire en agissant \u00e0 notre niveau? Par ces programmes d&rsquo;animations aux th\u00e9matiques vari\u00e9es, je vous propose une approche sensible du monde qui nous entoure avec des ateliers pratiques pour comprendre mais aussi&hellip; <br \/> <a class=\"button small blue\" href=\"https:\/\/www.naturatellae.com\/?p=1410\">Lire la suite<\/a><\/p>\n","protected":false},"author":1,"featured_media":0,"comment_status":"closed","ping_status":"open","sticky":false,"template":"","format":"standard","meta":{"footnotes":""},"categories":[21],"tags":[],"class_list":["post-1410","post","type-post","status-publish","format-standard","hentry","category-programme-animations"],"_links":{"self":[{"href":"https:\/\/www.naturatellae.com\/index.php?rest_route=\/wp\/v2\/posts\/1410","targetHints":{"allow":["GET"]}}],"collection":[{"href":"https:\/\/www.naturatellae.com\/index.php?rest_route=\/wp\/v2\/posts"}],"about":[{"href":"https:\/\/www.naturatellae.com\/index.php?rest_route=\/wp\/v2\/types\/post"}],"author":[{"embeddable":true,"href":"https:\/\/www.naturatellae.com\/index.php?rest_route=\/wp\/v2\/users\/1"}],"replies":[{"embeddable":true,"href":"https:\/\/www.naturatellae.com\/index.php?rest_route=%2Fwp%2Fv2%2Fcomments&post=1410"}],"version-history":[{"count":5,"href":"https:\/\/www.naturatellae.com\/index.php?rest_route=\/wp\/v2\/posts\/1410\/revisions"}],"predecessor-version":[{"id":1741,"href":"https:\/\/www.naturatellae.com\/index.php?rest_route=\/wp\/v2\/posts\/1410\/revisions\/1741"}],"wp:attachment":[{"href":"https:\/\/www.naturatellae.com\/index.php?rest_route=%2Fwp%2Fv2%2Fmedia&parent=1410"}],"wp:term":[{"taxonomy":"category","embeddable":true,"href":"https:\/\/www.naturatellae.com\/index.php?rest_route=%2Fwp%2Fv2%2Fcategories&post=1410"},{"taxonomy":"post_tag","embeddable":true,"href":"https:\/\/www.naturatellae.com\/index.php?rest_route=%2Fwp%2Fv2%2Ftags&post=1410"}],"curies":[{"name":"wp","href":"https:\/\/api.w.org\/{rel}","templated":true}]}}