{"id":1389,"date":"2025-01-23T07:45:33","date_gmt":"2025-01-23T07:45:33","guid":{"rendered":"https:\/\/www.naturatellae.com\/?p=1389"},"modified":"2025-01-23T07:49:44","modified_gmt":"2025-01-23T07:49:44","slug":"bien-etre-au-travail","status":"publish","type":"post","link":"https:\/\/www.naturatellae.com\/?p=1389","title":{"rendered":"Bien-\u00eatre au travail"},"content":{"rendered":"\n<p>Interrogeons-nous sur votre environnement de travail <\/p>\n\n\n\n<p>Une petite introduction suivi de temps d&rsquo;\u00e9changes en petits groupes. Des apports th\u00e9oriques et pratiques sur la th\u00e9matique Bien-\u00eatre \/ Sant\u00e9- Environnement introduits par <strong>une mini-conf\u00e9rence de 20 \u00e0 30 min<\/strong><\/p>\n\n\n\n<p class=\"has-vivid-purple-color has-text-color has-link-color wp-elements-30cfe3d13ac7adea79d7ee3d905177fe\"><strong>\u00ab\u00a0Faut-il \u00eatre en pleine nature pour se sentir bien?\u00a0\u00bb<\/strong><\/p>\n\n\n\n<p>Une approche dynamique pour partager nos ressentis sur diff\u00e9rents th\u00e8mes. <\/p>\n\n\n\n<p>Une d\u00e9marche participative par <strong>des ateliers anim\u00e9s entre pairs  avec 2  \u00e0 4 th\u00e8mes au choix pour les participants &#8211; dur\u00e9e 40 \u00e0 45 min par th\u00e8me<\/strong> <\/p>\n\n\n\n<ul class=\"wp-block-list\">\n<li>Travailler dehors&#8230;vraie bonne id\u00e9e ou pas? <\/li>\n\n\n\n<li>Am\u00e9nager des temps de travail autrement&#8230; est-ce possible ? <\/li>\n\n\n\n<li>Identifier de nouveaux espaces de travail&#8230; pour y faire quoi? <\/li>\n\n\n\n<li>Appr\u00e9hender le bien-\u00eatre au travail&#8230; une d\u00e9finition partag\u00e9e? <\/li>\n<\/ul>\n\n\n\n<p class=\"has-vivid-purple-color has-text-color has-link-color wp-elements-f0078c9a7d50baebf564e13b1e6103c9\"><strong><em>Cette demi-journ\u00e9e aura pour objectif de favoriser une mise en application douce et respectueuse des  \u00e9quipes en place et des sp\u00e9cificit\u00e9s de chacun : Quels leviers pour d\u00e9marrer?<\/em><\/strong><\/p>\n\n\n\n<ul class=\"wp-block-list\"><\/ul>\n\n\n\n<p> Des ajustements peuvent avoir lieu en fonction des besoins ex prim\u00e9s par l&rsquo;organisateur. <\/p>\n\n\n\n<p> Contactez-moi pour \u00e9changer virginie@naturatellae.com ou   06 70 12 48 69<\/p>\n\n\n\n<figure class=\"wp-block-image size-large\"><img loading=\"lazy\" decoding=\"async\" width=\"1024\" height=\"768\" src=\"https:\/\/www.naturatellae.com\/wp-content\/uploads\/2025\/01\/20240421_101357-1024x768.jpg\" alt=\"\" class=\"wp-image-1394\" srcset=\"https:\/\/www.naturatellae.com\/wp-content\/uploads\/2025\/01\/20240421_101357-1024x768.jpg 1024w, https:\/\/www.naturatellae.com\/wp-content\/uploads\/2025\/01\/20240421_101357-300x225.jpg 300w, https:\/\/www.naturatellae.com\/wp-content\/uploads\/2025\/01\/20240421_101357-768x576.jpg 768w, https:\/\/www.naturatellae.com\/wp-content\/uploads\/2025\/01\/20240421_101357-1536x1152.jpg 1536w, https:\/\/www.naturatellae.com\/wp-content\/uploads\/2025\/01\/20240421_101357-2048x1536.jpg 2048w, https:\/\/www.naturatellae.com\/wp-content\/uploads\/2025\/01\/20240421_101357-1440x1080.jpg 1440w\" sizes=\"auto, (max-width: 1024px) 100vw, 1024px\" \/><\/figure>\n","protected":false},"excerpt":{"rendered":"<p>Interrogeons-nous sur votre environnement de travail Une petite introduction suivi de temps d&rsquo;\u00e9changes en petits groupes. Des apports th\u00e9oriques et pratiques sur la th\u00e9matique Bien-\u00eatre \/ Sant\u00e9- Environnement introduits par une mini-conf\u00e9rence de 20 \u00e0 30 min \u00ab\u00a0Faut-il \u00eatre en pleine nature pour se sentir bien?\u00a0\u00bb Une approche dynamique pour partager nos ressentis sur diff\u00e9rents&hellip; <br \/> <a class=\"button small blue\" href=\"https:\/\/www.naturatellae.com\/?p=1389\">Lire la suite<\/a><\/p>\n","protected":false},"author":1,"featured_media":0,"comment_status":"open","ping_status":"open","sticky":false,"template":"","format":"standard","meta":{"footnotes":""},"categories":[1],"tags":[],"class_list":["post-1389","post","type-post","status-publish","format-standard","hentry","category-uncategorized"],"_links":{"self":[{"href":"https:\/\/www.naturatellae.com\/index.php?rest_route=\/wp\/v2\/posts\/1389","targetHints":{"allow":["GET"]}}],"collection":[{"href":"https:\/\/www.naturatellae.com\/index.php?rest_route=\/wp\/v2\/posts"}],"about":[{"href":"https:\/\/www.naturatellae.com\/index.php?rest_route=\/wp\/v2\/types\/post"}],"author":[{"embeddable":true,"href":"https:\/\/www.naturatellae.com\/index.php?rest_route=\/wp\/v2\/users\/1"}],"replies":[{"embeddable":true,"href":"https:\/\/www.naturatellae.com\/index.php?rest_route=%2Fwp%2Fv2%2Fcomments&post=1389"}],"version-history":[{"count":3,"href":"https:\/\/www.naturatellae.com\/index.php?rest_route=\/wp\/v2\/posts\/1389\/revisions"}],"predecessor-version":[{"id":1395,"href":"https:\/\/www.naturatellae.com\/index.php?rest_route=\/wp\/v2\/posts\/1389\/revisions\/1395"}],"wp:attachment":[{"href":"https:\/\/www.naturatellae.com\/index.php?rest_route=%2Fwp%2Fv2%2Fmedia&parent=1389"}],"wp:term":[{"taxonomy":"category","embeddable":true,"href":"https:\/\/www.naturatellae.com\/index.php?rest_route=%2Fwp%2Fv2%2Fcategories&post=1389"},{"taxonomy":"post_tag","embeddable":true,"href":"https:\/\/www.naturatellae.com\/index.php?rest_route=%2Fwp%2Fv2%2Ftags&post=1389"}],"curies":[{"name":"wp","href":"https:\/\/api.w.org\/{rel}","templated":true}]}}