{"id":1349,"date":"2024-12-14T09:59:40","date_gmt":"2024-12-14T09:59:40","guid":{"rendered":"https:\/\/www.naturatellae.com\/?p=1349"},"modified":"2024-12-14T10:02:31","modified_gmt":"2024-12-14T10:02:31","slug":"le-solstice-dhiver","status":"publish","type":"post","link":"https:\/\/www.naturatellae.com\/?p=1349","title":{"rendered":"LE SOLSTICE D&rsquo;HIVER"},"content":{"rendered":"\n<p>En 2024, le Solstice d&rsquo;Hiver sera le 21 d\u00e9cembre. <\/p>\n\n\n\n<p class=\"has-vivid-cyan-blue-color has-text-color has-link-color wp-elements-5f494aa2775df7c8227173005c124cac\">Vous \u00eates invit\u00e9s \u00e0 partager une petite veill\u00e9e le samedi 21\/12 de 18h \u00e0 20h. Une balade nature sera suivie d&rsquo;un moment convivial pr\u00e8s du feu avec des recettes de saisons pour r\u00e9chauffer les corps et les c\u0153urs. <\/p>\n\n\n\n<p class=\"has-vivid-cyan-blue-color has-text-color has-link-color wp-elements-604b16d2d7b62430129d50708bc005ad\">SUR INSRIPTION au 06 70 12 48 69 avant le 20 DECEMBRE <\/p>\n\n\n\n<p>Apr\u00e8s la \u00ab\u00a0pleine lune froide\u00a0\u00bb du 15 d\u00e9cembre, d\u00e9couvrez les petites astuces du moment pour votre sant\u00e9 et comment la nature s&rsquo;adapte pour affronter la rigueur hivernale. Une interview sur RADIO AVALLON : <\/p>\n\n\n\n<figure class=\"wp-block-audio\"><audio controls src=\"https:\/\/www.naturatellae.com\/wp-content\/uploads\/2024\/12\/BEES-Virginie-LEBLANC-Soltice-dHiver-12-Dec-2024.mp3\"><\/audio><\/figure>\n\n\n\n<p>D&rsquo;autres informations utiles<\/p>\n\n\n\n<figure class=\"wp-block-image size-large\"><img loading=\"lazy\" decoding=\"async\" width=\"724\" height=\"1024\" src=\"https:\/\/www.naturatellae.com\/wp-content\/uploads\/2023\/12\/Bulletin-NT-5-p2_2-724x1024.jpg\" alt=\"\" class=\"wp-image-747\" srcset=\"https:\/\/www.naturatellae.com\/wp-content\/uploads\/2023\/12\/Bulletin-NT-5-p2_2-724x1024.jpg 724w, https:\/\/www.naturatellae.com\/wp-content\/uploads\/2023\/12\/Bulletin-NT-5-p2_2-212x300.jpg 212w, https:\/\/www.naturatellae.com\/wp-content\/uploads\/2023\/12\/Bulletin-NT-5-p2_2-768x1086.jpg 768w, https:\/\/www.naturatellae.com\/wp-content\/uploads\/2023\/12\/Bulletin-NT-5-p2_2-1086x1536.jpg 1086w, https:\/\/www.naturatellae.com\/wp-content\/uploads\/2023\/12\/Bulletin-NT-5-p2_2.jpg 1414w\" sizes=\"auto, (max-width: 724px) 100vw, 724px\" \/><\/figure>\n","protected":false},"excerpt":{"rendered":"<p>En 2024, le Solstice d&rsquo;Hiver sera le 21 d\u00e9cembre. Vous \u00eates invit\u00e9s \u00e0 partager une petite veill\u00e9e le samedi 21\/12 de 18h \u00e0 20h. Une balade nature sera suivie d&rsquo;un moment convivial pr\u00e8s du feu avec des recettes de saisons pour r\u00e9chauffer les corps et les c\u0153urs. SUR INSRIPTION au 06 70 12 48 69&hellip; <br \/> <a class=\"button small blue\" href=\"https:\/\/www.naturatellae.com\/?p=1349\">Lire la suite<\/a><\/p>\n","protected":false},"author":1,"featured_media":0,"comment_status":"closed","ping_status":"open","sticky":false,"template":"","format":"standard","meta":{"footnotes":""},"categories":[1],"tags":[],"class_list":["post-1349","post","type-post","status-publish","format-standard","hentry","category-uncategorized"],"_links":{"self":[{"href":"https:\/\/www.naturatellae.com\/index.php?rest_route=\/wp\/v2\/posts\/1349","targetHints":{"allow":["GET"]}}],"collection":[{"href":"https:\/\/www.naturatellae.com\/index.php?rest_route=\/wp\/v2\/posts"}],"about":[{"href":"https:\/\/www.naturatellae.com\/index.php?rest_route=\/wp\/v2\/types\/post"}],"author":[{"embeddable":true,"href":"https:\/\/www.naturatellae.com\/index.php?rest_route=\/wp\/v2\/users\/1"}],"replies":[{"embeddable":true,"href":"https:\/\/www.naturatellae.com\/index.php?rest_route=%2Fwp%2Fv2%2Fcomments&post=1349"}],"version-history":[{"count":1,"href":"https:\/\/www.naturatellae.com\/index.php?rest_route=\/wp\/v2\/posts\/1349\/revisions"}],"predecessor-version":[{"id":1351,"href":"https:\/\/www.naturatellae.com\/index.php?rest_route=\/wp\/v2\/posts\/1349\/revisions\/1351"}],"wp:attachment":[{"href":"https:\/\/www.naturatellae.com\/index.php?rest_route=%2Fwp%2Fv2%2Fmedia&parent=1349"}],"wp:term":[{"taxonomy":"category","embeddable":true,"href":"https:\/\/www.naturatellae.com\/index.php?rest_route=%2Fwp%2Fv2%2Fcategories&post=1349"},{"taxonomy":"post_tag","embeddable":true,"href":"https:\/\/www.naturatellae.com\/index.php?rest_route=%2Fwp%2Fv2%2Ftags&post=1349"}],"curies":[{"name":"wp","href":"https:\/\/api.w.org\/{rel}","templated":true}]}}