{"id":1251,"date":"2024-12-03T15:51:05","date_gmt":"2024-12-03T15:51:05","guid":{"rendered":"https:\/\/www.naturatellae.com\/?p=1251"},"modified":"2024-12-03T16:45:32","modified_gmt":"2024-12-03T16:45:32","slug":"programme-2025","status":"publish","type":"post","link":"https:\/\/www.naturatellae.com\/?p=1251","title":{"rendered":"PROGRAMME NATURE et BIEN-ETRE 2025"},"content":{"rendered":"\n<p>A VOS AGENDAS ! Vous trouverez ci-dessous un panel de propositions pour l&rsquo;ann\u00e9e qui se profile : <\/p>\n\n\n\n<p>JANVIER&nbsp;<\/p>\n\n\n\n<ul class=\"wp-block-list\">\n<li class=\"has-vivid-purple-color has-text-color has-link-color wp-elements-8d5686325fa7f1dbaa21ab4646e47675\">M.14 et M.15\/01 Formation BIEN ETRE EN TRANSITION au Moulin de Vezelay (89)&nbsp;<\/li>\n\n\n\n<li class=\"has-pale-pink-color has-text-color has-link-color wp-elements-6689543549fee58b016aaad54abcfb96\">J.30 et V.31\/01 Formation VERS UNE AUTRE RELATION AU VIVANT \u00e0 Marigny l&rsquo;Eglise (58)&nbsp;<\/li>\n<\/ul>\n\n\n\n<p>FEVRIER&nbsp;<\/p>\n\n\n\n<ul class=\"wp-block-list\">\n<li class=\"has-vivid-purple-color has-text-color has-link-color wp-elements-de9f9c44d82ab98790d9ef437d553650\">S.23 et D.24\/02 Salon du BIEN-ETRE&nbsp;\u00e0 Quarr\u00e9-les-Tombes (89)&nbsp;<\/li>\n<\/ul>\n\n\n\n<p>MARS&nbsp;<\/p>\n\n\n\n<ul class=\"wp-block-list\">\n<li class=\"has-pale-pink-color has-text-color has-link-color wp-elements-62ffd7234c26aa59840f03805ef2b172\">D.9\/03 Balade symbolique LES OGHAMS en for\u00eat&nbsp;\u00e0 Crottefou (58)&nbsp;<\/li>\n\n\n\n<li class=\"has-vivid-green-cyan-color has-text-color has-link-color wp-elements-9f12b8645ef9db279d3fe79b7698115c\">D.23\/03 Balade printani\u00e8re R\u00c9VEIL&nbsp;DE LA NATURE \u00e0 Plainefas (58)&nbsp;<\/li>\n<\/ul>\n\n\n\n<p>AVRIL&nbsp;<\/p>\n\n\n\n<ul class=\"wp-block-list\">\n<li class=\"has-vivid-cyan-blue-color has-text-color has-link-color wp-elements-df391dee6d7245f649214bb592a9bd51\">D.27\/04 Balade AU BORD DE LA RIVI\u00c8RE&nbsp;\u00e0 Chalaux (58)&nbsp;<\/li>\n<\/ul>\n\n\n\n<p>MAI&nbsp;<\/p>\n\n\n\n<ul class=\"wp-block-list\">\n<li class=\"has-luminous-vivid-amber-color has-text-color has-link-color wp-elements-ed7b12acad445425b4a4ab2ef13293af\">D.3\/05 Bal(l)ade NOCTURNE aux prairies de Montour \u00e0 Brassy (58)&nbsp;En cours de finalisation&nbsp;&#8211; collaboration Cie Teatr\u00c9prouvette Coop\u00e9rative des Savoirs, Natura Tellae&nbsp;et Canto corpo&nbsp;<\/li>\n<\/ul>\n\n\n\n<p>JUIN&nbsp;<\/p>\n\n\n\n<ul class=\"wp-block-list\">\n<li class=\"has-vivid-green-cyan-color has-text-color has-link-color wp-elements-0e98e5fbbf56af7b260200a6dffdfdb4\">D.22\/06 Balade-atelier initiation \u00e0 la BOTANIQUE \u00e0 L&rsquo;huis Bargeot (58)&nbsp;<\/li>\n<\/ul>\n\n\n\n<p>JUILLET \/ AOUT&nbsp;<\/p>\n\n\n\n<ul class=\"wp-block-list\">\n<li class=\"has-vivid-red-color has-text-color has-link-color wp-elements-cff37ac10b50a15493f9ad08772502f7\">tout l&rsquo;\u00e9t\u00e9&nbsp;Balade nature RIEN QUE POUR VOUS&nbsp; \u00e0 la demande&nbsp;<\/li>\n\n\n\n<li class=\"has-pale-cyan-blue-color has-text-color has-link-color wp-elements-239a92cf50450d7186edebec14bab74c\">J.28\/08 Formation D\u00c9BUTER EN ANIMATION NATURE pour les parents et\/ou les animateurs \u00e0 Brassy (58) Collaboration Peirao et Natura Tellae&nbsp;<\/li>\n<\/ul>\n\n\n\n<p>SEPTEMBRE&nbsp;<\/p>\n\n\n\n<ul class=\"wp-block-list\">\n<li class=\"has-light-green-cyan-color has-text-color has-link-color wp-elements-47f462e58aa49a8316f9397d6c507f76\">D.21\/09 Balade ARBRES ET PAYSAGE \u00e0 Marigny l&rsquo;Eglise (58)&nbsp;<\/li>\n<\/ul>\n\n\n\n<p>OCTOBRE&nbsp;<\/p>\n\n\n\n<ul class=\"wp-block-list\">\n<li class=\"has-luminous-vivid-amber-color has-text-color has-link-color wp-elements-6e84117eb0eb00aa57c43ba76205c539\">M.21\/10 Balade-atelier LES ANIMAUX ET LA NUIT \u00e0 St Martin-du-Puy (58)&nbsp;<\/li>\n<\/ul>\n\n\n\n<p>NOVEMBRE&nbsp;<\/p>\n\n\n\n<ul class=\"wp-block-list\">\n<li class=\"has-pale-pink-color has-text-color has-link-color wp-elements-4ce944ec9065d5071e61644cf82df76f\">D.2\/11 Balade symbolique LES 4 ELEMENTS&nbsp;\u00e0 Crottefou (58)&nbsp;<\/li>\n\n\n\n<li class=\"has-cyan-bluish-gray-color has-text-color has-link-color wp-elements-673d580511ce29c3951a16a2f5d6be26\">D.23\/11 Balade-Atelier DECO ZERO DECHET&nbsp;\u00e0 Lormes (58)&nbsp;<\/li>\n<\/ul>\n\n\n\n<p>DECEMBRE&nbsp;<\/p>\n\n\n\n<ul class=\"wp-block-list\">\n<li class=\"has-pale-pink-color has-text-color has-link-color wp-elements-a8438ee17ac47033d33cc0de05f4512a\">D.21\/12 Balade d\u00e9gustation LE SOLSTICE d&rsquo;HIVER \u00e0 Marigny l&rsquo;Eglise (58)&nbsp;<\/li>\n<\/ul>\n\n\n\n<p><\/p>\n","protected":false},"excerpt":{"rendered":"<p>A VOS AGENDAS ! Vous trouverez ci-dessous un panel de propositions pour l&rsquo;ann\u00e9e qui se profile : JANVIER&nbsp; FEVRIER&nbsp; MARS&nbsp; AVRIL&nbsp; MAI&nbsp; JUIN&nbsp; JUILLET \/ AOUT&nbsp; SEPTEMBRE&nbsp; OCTOBRE&nbsp; NOVEMBRE&nbsp; DECEMBRE&nbsp;<\/p>\n","protected":false},"author":1,"featured_media":0,"comment_status":"closed","ping_status":"closed","sticky":false,"template":"","format":"standard","meta":{"footnotes":""},"categories":[21],"tags":[],"class_list":["post-1251","post","type-post","status-publish","format-standard","hentry","category-programme-animations"],"_links":{"self":[{"href":"https:\/\/www.naturatellae.com\/index.php?rest_route=\/wp\/v2\/posts\/1251","targetHints":{"allow":["GET"]}}],"collection":[{"href":"https:\/\/www.naturatellae.com\/index.php?rest_route=\/wp\/v2\/posts"}],"about":[{"href":"https:\/\/www.naturatellae.com\/index.php?rest_route=\/wp\/v2\/types\/post"}],"author":[{"embeddable":true,"href":"https:\/\/www.naturatellae.com\/index.php?rest_route=\/wp\/v2\/users\/1"}],"replies":[{"embeddable":true,"href":"https:\/\/www.naturatellae.com\/index.php?rest_route=%2Fwp%2Fv2%2Fcomments&post=1251"}],"version-history":[{"count":4,"href":"https:\/\/www.naturatellae.com\/index.php?rest_route=\/wp\/v2\/posts\/1251\/revisions"}],"predecessor-version":[{"id":1261,"href":"https:\/\/www.naturatellae.com\/index.php?rest_route=\/wp\/v2\/posts\/1251\/revisions\/1261"}],"wp:attachment":[{"href":"https:\/\/www.naturatellae.com\/index.php?rest_route=%2Fwp%2Fv2%2Fmedia&parent=1251"}],"wp:term":[{"taxonomy":"category","embeddable":true,"href":"https:\/\/www.naturatellae.com\/index.php?rest_route=%2Fwp%2Fv2%2Fcategories&post=1251"},{"taxonomy":"post_tag","embeddable":true,"href":"https:\/\/www.naturatellae.com\/index.php?rest_route=%2Fwp%2Fv2%2Ftags&post=1251"}],"curies":[{"name":"wp","href":"https:\/\/api.w.org\/{rel}","templated":true}]}}