{"id":1162,"date":"2022-11-23T16:41:00","date_gmt":"2022-11-23T16:41:00","guid":{"rendered":"https:\/\/www.naturatellae.com\/?p=1162"},"modified":"2024-11-23T16:53:14","modified_gmt":"2024-11-23T16:53:14","slug":"politique-de-confidentialite-et-deontologie","status":"publish","type":"post","link":"https:\/\/www.naturatellae.com\/?p=1162","title":{"rendered":"POLITIQUE DE CONFIDENTIALITE et DEONTOLOGIE"},"content":{"rendered":"\n<h2 class=\"wp-block-heading\">Qui sommes-nous&nbsp;?<\/h2>\n\n\n\n<p>L\u2019adresse de notre site est&nbsp;: https:\/\/www.naturatellae.com.<\/p>\n\n\n\n<h2 class=\"wp-block-heading\">Commentaires<\/h2>\n\n\n\n<p>Quand vous laissez un commentaire sur notre site, les donn\u00e9es inscrites dans le formulaire de commentaire, ainsi que votre adresse IP et l\u2019agent utilisateur de votre navigateur sont collect\u00e9s pour nous aider \u00e0 la d\u00e9tection des commentaires ind\u00e9sirables.<\/p>\n\n\n\n<p>Une cha\u00eene anonymis\u00e9e cr\u00e9\u00e9e \u00e0 partir de votre adresse e-mail (\u00e9galement appel\u00e9e hash) peut \u00eatre envoy\u00e9e au service Gravatar pour v\u00e9rifier si vous utilisez ce dernier. Les clauses de confidentialit\u00e9 du service Gravatar sont disponibles ici&nbsp;: https:\/\/automattic.com\/privacy\/. Apr\u00e8s validation de votre commentaire, votre photo de profil sera visible publiquement \u00e0 cot\u00e9 de votre commentaire.<\/p>\n\n\n\n<h2 class=\"wp-block-heading\">M\u00e9dias<\/h2>\n\n\n\n<p>Si vous t\u00e9l\u00e9versez des images sur le site, nous vous conseillons d\u2019\u00e9viter de t\u00e9l\u00e9verser des images contenant des donn\u00e9es EXIF de coordonn\u00e9es GPS. Les personnes visitant votre site peuvent t\u00e9l\u00e9charger et extraire des donn\u00e9es de localisation depuis ces images.<\/p>\n\n\n\n<h2 class=\"wp-block-heading\">Cookies<\/h2>\n\n\n\n<p>Si vous d\u00e9posez un commentaire sur notre site, il vous sera propos\u00e9 d\u2019enregistrer votre nom, adresse e-mail et site dans des cookies. C\u2019est uniquement pour votre confort afin de ne pas avoir \u00e0 saisir ces informations si vous d\u00e9posez un autre commentaire plus tard. Ces cookies expirent au bout d\u2019un an.<\/p>\n\n\n\n<p>Si vous vous rendez sur la page de connexion, un cookie temporaire sera cr\u00e9\u00e9 afin de d\u00e9terminer si votre navigateur accepte les cookies. Il ne contient pas de donn\u00e9es personnelles et sera supprim\u00e9 automatiquement \u00e0 la fermeture de votre navigateur.<\/p>\n\n\n\n<p>Lorsque vous vous connecterez, nous mettrons en place un certain nombre de cookies pour enregistrer vos informations de connexion et vos pr\u00e9f\u00e9rences d\u2019\u00e9cran. La dur\u00e9e de vie d\u2019un cookie de connexion est de deux jours, celle d\u2019un cookie d\u2019option d\u2019\u00e9cran est d\u2019un an. Si vous cochez \u00ab&nbsp;Se souvenir de moi&nbsp;\u00bb, votre cookie de connexion sera conserv\u00e9 pendant deux semaines. Si vous vous d\u00e9connectez de votre compte, le cookie de connexion sera effac\u00e9.<\/p>\n\n\n\n<p>En modifiant ou en publiant une publication, un cookie suppl\u00e9mentaire sera enregistr\u00e9 dans votre navigateur. Ce cookie ne comprend aucune donn\u00e9e personnelle. Il indique simplement l\u2019ID de la publication que vous venez de modifier. Il expire au bout d\u2019un jour.<\/p>\n\n\n\n<h2 class=\"wp-block-heading\">Contenu embarqu\u00e9 depuis d\u2019autres sites<\/h2>\n\n\n\n<p>Les articles de ce site peuvent inclure des contenus int\u00e9gr\u00e9s (par exemple des vid\u00e9os, images, articles\u2026). Le contenu int\u00e9gr\u00e9 depuis d\u2019autres sites se comporte de la m\u00eame mani\u00e8re que si le visiteur se rendait sur cet autre site.<\/p>\n\n\n\n<p>Ces sites web pourraient collecter des donn\u00e9es sur vous, utiliser des cookies, embarquer des outils de suivis tiers, suivre vos interactions avec ces contenus embarqu\u00e9s si vous disposez d\u2019un compte connect\u00e9 sur leur site web.<\/p>\n\n\n\n<h2 class=\"wp-block-heading\">Utilisation et transmission de vos donn\u00e9es personnelles<\/h2>\n\n\n\n<p>Si vous demandez une r\u00e9initialisation de votre mot de passe, votre adresse IP sera incluse dans l\u2019e-mail de r\u00e9initialisation.<\/p>\n\n\n\n<h2 class=\"wp-block-heading\">Dur\u00e9es de stockage de vos donn\u00e9es<\/h2>\n\n\n\n<p>Si vous laissez un commentaire, le commentaire et ses m\u00e9tadonn\u00e9es sont conserv\u00e9s ind\u00e9finiment. Cela permet de reconna\u00eetre et approuver automatiquement les commentaires suivants au lieu de les laisser dans la file de mod\u00e9ration.<\/p>\n\n\n\n<p>Pour les comptes qui s\u2019inscrivent sur notre site (le cas \u00e9ch\u00e9ant), nous stockons \u00e9galement les donn\u00e9es personnelles indiqu\u00e9es dans leur profil. Tous les comptes peuvent voir, modifier ou supprimer leurs informations personnelles \u00e0 tout moment (\u00e0 l\u2019exception de leur identifiant). Les gestionnaires du site peuvent aussi voir et modifier ces informations.<\/p>\n\n\n\n<h2 class=\"wp-block-heading\">Les droits que vous avez sur vos donn\u00e9es<\/h2>\n\n\n\n<p>Si vous avez un compte ou si vous avez laiss\u00e9 des commentaires sur le site, vous pouvez demander \u00e0 recevoir un fichier contenant toutes les donn\u00e9es personnelles que nous poss\u00e9dons \u00e0 votre sujet, incluant celles que vous nous avez fournies. Vous pouvez \u00e9galement demander la suppression des donn\u00e9es personnelles vous concernant. Cela ne prend pas en compte les donn\u00e9es stock\u00e9es \u00e0 des fins administratives, l\u00e9gales ou pour des raisons de s\u00e9curit\u00e9.<\/p>\n\n\n\n<h2 class=\"wp-block-heading\">Transmission de vos donn\u00e9es personnelles<\/h2>\n\n\n\n<p>Les commentaires des visiteurs peuvent \u00eatre v\u00e9rifi\u00e9s \u00e0 l\u2019aide d\u2019un service automatis\u00e9 de d\u00e9tection des commentaires ind\u00e9sirables.<\/p>\n\n\n\n<h2 class=\"wp-block-heading\">DEONTOLOGIE Coaching <\/h2>\n\n\n\n<p class=\"has-text-align-left\"><em>Relation entre le consultant et le praticien ou le th\u00e9rapeute<\/em> Extrait de la Charte Association BEES <br><\/p>\n\n\n\n<p class=\"has-text-align-left\">Le praticien ou le th\u00e9rapeute s\u2019engage \u00e0 accompagner l\u2019\u00e9quilibre \u00e9nerg\u00e9tique, mental, \u00e9motionnel, organique, physique, selon le protocole de sa m\u00e9thode ou pratique, sans obligation de r\u00e9sultat.<br><\/p>\n\n\n\n<p class=\"has-text-align-left\">Le praticien ou le th\u00e9rapeute s\u2019engage \u00e0 exercer son activit\u00e9 avec humanit\u00e9, probit\u00e9 et loyaut\u00e9 et \u00e0 toujours appliquer le principe fondamental du respect de la personne humaine ou de l\u2019animal.<br><\/p>\n\n\n\n<p class=\"has-text-align-left\">Le consultant est seul libre et responsable de son option de soin. Il en fait le choix en toute connaissance des risques concernant sa vie et son int\u00e9grit\u00e9 physique ou mentale. Le praticien ou le th\u00e9rapeute se doit d\u2019apporter une solution adapt\u00e9e dans le respect de ce choix, sans chercher \u00e0 imposer une th\u00e9rapeutique non conforme et\/ou non accept\u00e9e par le consultant. <\/p>\n\n\n\n<p class=\"has-text-align-left\">Le praticien ou le th\u00e9rapeute se doit d\u2019informer le consultant, pour l\u2019aider \u00e0 comprendre la situation et lui apporter tous les \u00e9l\u00e9ments d\u00e9terminants \u00e0 son choix, avant d\u2019appliquer une th\u00e9rapeutique d\u00e9termin\u00e9e apr\u00e8s une libre concertation.<br><\/p>\n\n\n\n<p class=\"has-text-align-left\">Le praticien ou le th\u00e9rapeute s\u2019engage \u00e0 exercer sa sp\u00e9cialit\u00e9, dans son domaine de comp\u00e9tence. Le praticien ou le th\u00e9rapeute devant une probl\u00e9matique qui d\u00e9passe sa comp\u00e9tence, se doit d\u2019en informer le consultant.<br>Le praticien ou le th\u00e9rapeute agit dans le respect des d\u00e9ontologies inh\u00e9rentes \u00e0 la pratique de la m\u00e9thode qu\u2019il dispense.<br><\/p>\n\n\n\n<p class=\"has-text-align-left\">Le praticien ou le th\u00e9rapeute tient un discours qui acte la collaboration \u00e9troite entre m\u00e9decines conventionnelle et naturelle. Il s\u2019interdit par cons\u00e9quent tout discours discriminatoire de quel ordre que ce soit vis-\u00e0-vis de chacune des orientations th\u00e9rapeutiques. Les rapports des uns envers les autres sont fond\u00e9s sur le respect et les \u00e9changes, enrichissant ainsi le patrimoine de la sant\u00e9 et du bien \u00eatre.<br><\/p>\n\n\n\n<p class=\"has-text-align-left\">Tout praticien ou th\u00e9rapeute s\u2019abstient, en toute circonstance, de privil\u00e9gier les int\u00e9r\u00eats<br>corporatistes, m\u00eame l\u00e9gitimes, devant l\u2019int\u00e9r\u00eat du consultant. <\/p>\n\n\n\n<p class=\"has-text-align-left\"><br>Le praticien ou le th\u00e9rapeute a un devoir de confidentialit\u00e9, de l\u2019intimit\u00e9 et de la dignit\u00e9 du consultant.<\/p>\n\n\n\n<p class=\"has-text-align-left\"><br>Le praticien ou le th\u00e9rapeute s\u2019engage \u00e0 ne prescrire que des substances de qualit\u00e9 l\u00e9galement autoris\u00e9es par la r\u00e9glementation fran\u00e7aise et dont les effets vont dans le sens du bien \u00eatre, de la pr\u00e9vention et du soin du consultant.<\/p>\n\n\n\n<p class=\"has-text-align-left\"><br>Le praticien ou le th\u00e9rapeute s\u2019engage \u00e0 participer \u00e0 des cycles de formation et de perfectionnement afin d\u2019actualiser et parfaire ses connaissances.<\/p>\n\n\n\n<p class=\"has-text-align-left\"><br>Le praticien ou le th\u00e9rapeute s\u2019interdit toute action, toute communication, toute publicit\u00e9 susceptible d\u2019\u00eatre qualifi\u00e9e de mensong\u00e8re, d\u2019abus de confiance, de manipulation mentale.<\/p>\n\n\n\n<p><\/p>\n","protected":false},"excerpt":{"rendered":"<p>Qui sommes-nous&nbsp;? L\u2019adresse de notre site est&nbsp;: https:\/\/www.naturatellae.com. Commentaires Quand vous laissez un commentaire sur notre site, les donn\u00e9es inscrites dans le formulaire de commentaire, ainsi que votre adresse IP et l\u2019agent utilisateur de votre navigateur sont collect\u00e9s pour nous aider \u00e0 la d\u00e9tection des commentaires ind\u00e9sirables. Une cha\u00eene anonymis\u00e9e cr\u00e9\u00e9e \u00e0 partir de votre&hellip; <br \/> <a class=\"button small blue\" href=\"https:\/\/www.naturatellae.com\/?p=1162\">Lire la suite<\/a><\/p>\n","protected":false},"author":1,"featured_media":0,"comment_status":"open","ping_status":"open","sticky":false,"template":"","format":"standard","meta":{"footnotes":""},"categories":[1],"tags":[],"class_list":["post-1162","post","type-post","status-publish","format-standard","hentry","category-uncategorized"],"_links":{"self":[{"href":"https:\/\/www.naturatellae.com\/index.php?rest_route=\/wp\/v2\/posts\/1162","targetHints":{"allow":["GET"]}}],"collection":[{"href":"https:\/\/www.naturatellae.com\/index.php?rest_route=\/wp\/v2\/posts"}],"about":[{"href":"https:\/\/www.naturatellae.com\/index.php?rest_route=\/wp\/v2\/types\/post"}],"author":[{"embeddable":true,"href":"https:\/\/www.naturatellae.com\/index.php?rest_route=\/wp\/v2\/users\/1"}],"replies":[{"embeddable":true,"href":"https:\/\/www.naturatellae.com\/index.php?rest_route=%2Fwp%2Fv2%2Fcomments&post=1162"}],"version-history":[{"count":3,"href":"https:\/\/www.naturatellae.com\/index.php?rest_route=\/wp\/v2\/posts\/1162\/revisions"}],"predecessor-version":[{"id":1165,"href":"https:\/\/www.naturatellae.com\/index.php?rest_route=\/wp\/v2\/posts\/1162\/revisions\/1165"}],"wp:attachment":[{"href":"https:\/\/www.naturatellae.com\/index.php?rest_route=%2Fwp%2Fv2%2Fmedia&parent=1162"}],"wp:term":[{"taxonomy":"category","embeddable":true,"href":"https:\/\/www.naturatellae.com\/index.php?rest_route=%2Fwp%2Fv2%2Fcategories&post=1162"},{"taxonomy":"post_tag","embeddable":true,"href":"https:\/\/www.naturatellae.com\/index.php?rest_route=%2Fwp%2Fv2%2Ftags&post=1162"}],"curies":[{"name":"wp","href":"https:\/\/api.w.org\/{rel}","templated":true}]}}